{"id":3263,"date":"2019-04-16T12:07:30","date_gmt":"2019-04-16T15:07:30","guid":{"rendered":"http:\/\/www.alumni.usp.br\/?p=3263"},"modified":"2019-04-16T12:07:30","modified_gmt":"2019-04-16T15:07:30","slug":"acontece-em-maio-junho","status":"publish","type":"post","link":"https:\/\/alumni.usp.br\/en\/acontece-em-maio-junho\/","title":{"rendered":"Acontece em maio\/ junho"},"content":{"rendered":"<p><em>Confira os principais eventos organizados pela Universidade de S\u00e3o Paulo em maio e junho<\/em><\/p>\n<p>&nbsp;<\/p>\n<p><strong>02\/05\/2019<\/strong>. Palestra \u201cViagens de Brasileiros \u00e0 URSS durante a Guerra Fria\u201d. O evento \u00e9 promovido pelo Laborat\u00f3rio de Estudos da \u00c1sia (LEA) da Faculdade de Filosofia, Letras e Ci\u00eancias Humanas (FFLCH) da USP. Mais informa\u00e7\u00f5es <a href=\"http:\/\/www.eventos.usp.br\/?events=palestra-na-usp-analisa-viagens-de-brasileiros-a-urss-durante-a-guerra-fria\">aqui<\/a>.<\/p>\n<p><strong>02\/05\/2019.<\/strong>\u00a0O Sistema Integrado de Bibliotecas (SIBi) da USP e a Clarivate Analytics realizar\u00e3o o \u201cWorkshop InCites: an\u00e1lise de desempenho e impacto cient\u00edfico\u201d, no audit\u00f3rio do Institutos de Estudos Avan\u00e7ados (IEA) da USP. Mais informa\u00e7\u00f5es <a href=\"http:\/\/www.eventos.usp.br\/?events=usp-promove-workshop-sobre-analise-de-desempenho-e-impacto-cientifico\">aqui<\/a>.<\/p>\n<p><strong>02\/05\/2019.<\/strong> O Instituto de Estudos Brasileiros (IEB) da USP promover\u00e1 o Curso de Difus\u00e3o \u201cInterpreta\u00e7\u00f5es do Nordeste\u201d, no Audit\u00f3rio 2 do Espa\u00e7o Brasiliana.\u00a0Mais informa\u00e7\u00f5es <a href=\"http:\/\/www.eventos.usp.br\/?events=interpretacoes-do-nordeste-e-tema-de-curso-de-difusao-no-instituto-de-estudos-brasileiros\">aqui<\/a>.<\/p>\n<p><strong>03\/05\/2019<\/strong>. A Escola Superior de Agricultura \u201cLuiz de Queiroz\u201d (Esalq) da USP promove o curso de\u00a0<em>Forma\u00e7\u00e3o continuada de professores: Utilizando o espa\u00e7o do Programa Solo na Escola.\u00a0<\/em>A\u00a0tem\u00e1tica principal envolve discutir sobre atualiza\u00e7\u00e3o em solos e como os docentes podem adapt\u00e1-la ao contexto de sua escola. Mais informa\u00e7\u00f5es <a href=\"http:\/\/www.eventos.usp.br\/?events=professores-recebem-curso-de-atualizacao-sobre-conhecimentos-do-solo\">aqui<\/a>.<\/p>\n<p><strong>06\/05\/2019<\/strong><em>. I Congresso Internacional Pensamento e Pesquisa sobre a Am\u00e9rica Latina<\/em>\u00a0e o<em>\u00a0III Simp\u00f3sio Internacional Pensar e Repensar a Am\u00e9rica Latina,\u00a0<\/em>organizados pelo Programa de P\u00f3s-gradua\u00e7\u00e3o Integra\u00e7\u00e3o da Am\u00e9rica Latina da Universidade de S\u00e3o Paulo (PROLAM\/USP). Mais informa\u00e7\u00f5es <a href=\"http:\/\/www.eventos.usp.br\/?events=usp-recebe-simposio-e-congresso-sobre-america-latina-em-2019\">aqui<\/a>.<\/p>\n<p><strong>07\/05\/2019.<\/strong> Acontece na Escola de Educa\u00e7\u00e3o F\u00edsica e Esporte (EEFE) da USP a confer\u00eancia internacional\u00a0\u201cGrand Challenges of Science: Air Pollution, Health and Exercise\u201d. O objetivo do evento\u00a0\u00e9\u00a0apresentar e discutir o que se sabe atualmente sobre a interface polui\u00e7\u00e3o do ar, sa\u00fade e exerc\u00edcio. Mais informa\u00e7\u00f5es <a href=\"http:\/\/www.eventos.usp.br\/?events=relacao-entre-poluicao-saude-e-exercicio-e-debatida-em-conferencia-na-usp\">aqui<\/a>.<\/p>\n<p><strong>09\/05\/2019.<\/strong> O Instituto de Energia e Ambiente (IEE) da USP realiza o semin\u00e1rio internacional\u00a0<i>Territ\u00f3rios da Energia, Mudan\u00e7a Clim\u00e1tica e Sustentabilidade da Macrometr\u00f3pole Paulista<\/i>. Mais informa\u00e7\u00f5es <a href=\"http:\/\/www.eventos.usp.br\/?events=seminario-na-usp-debate-condicao-energetica-da-macrometropole-de-sao-paulo\">aqui<\/a>.<\/p>\n<p><strong>11\/05\/2019.<\/strong> Est\u00e3o abertas as inscri\u00e7\u00f5es para o curso de atualiza\u00e7\u00e3o \u201cT\u00f3picos Avan\u00e7ados da Biomec\u00e2nica Aplicados ao Treinamento de For\u00e7a\u201d, coordenado pelo docente da Escola de Educa\u00e7\u00e3o F\u00edsica e Esporte (EEFE) da USP, J\u00falio Cerca Serr\u00e3o. Mais informa\u00e7\u00f5es <a href=\"http:\/\/www.eventos.usp.br\/?events=biomecanica-aplicada-ao-treinamento-de-forca-e-tema-de-curso-na-usp\">aqui<\/a>.<\/p>\n<p><strong>13\/05\/2019.<\/strong>\u00a0O Instituto de Geoci\u00eancias (IGc) da USP recebe o\u00a0<em>Workshop BioFom 2019 \u201cBiomonitoring in Brazil: Foraminifera and their use in environmental assessment\u201d.<\/em> Mais informa\u00e7\u00f5es <a href=\"http:\/\/www.eventos.usp.br\/?events=estudo-dos-foraminiferos-e-assunto-de-workshop-no-instituto-de-geociencias\">aqui<\/a>.<\/p>\n<p><strong>14\/05\/2019.<\/strong> O Instituto de Energia e Ambiente da USP receber\u00e1 alunos do\u00a0ensino m\u00e9dio\u00a0e demais interessados para visita\u00e7\u00e3o a alguns de seus laborat\u00f3rios e infraestruturas. Mais informa\u00e7\u00f5es <a href=\"http:\/\/www.eventos.usp.br\/?events=instituto-de-energia-e-ambiente-da-usp-recebe-visitas-de-alunos-do-ensino-medio\">aqui<\/a>.<\/p>\n<p><strong>14\/05\/2019.<\/strong> O Departamento de Gastroenterologia da Faculdade de Medicina da USP (FMUSP) ir\u00e1 promover o simp\u00f3sio internacional<em>\u00a0Inova\u00e7\u00e3o na descoberta e desenvolvimento de medicamentos \u2013 i3D 2019,\u00a0<\/em>\u00a0no anfiteatro do Instituto de Radiologia do Hospital das Cl\u00ednicas (HC). Mais informa\u00e7\u00f5es <a href=\"http:\/\/www.eventos.usp.br\/?events=simposio-aborda-a-inovacao-na-producao-de-medicamentos\">aqui<\/a>.<\/p>\n<p><strong>15\/05\/2019.<\/strong> O Departamento de Geografia, e o Programa de P\u00f3s-Gradua\u00e7\u00e3o em Geografia Humana, ambos da USP, e o Global Network on Financial Geography (FINGEO) realizam o\u00a0sexto\u00a0<em>Semin\u00e1rio Internacional Fingeo \u2013 Geografia, Finan\u00e7as e Desenvolvimento Desigual.<\/em> Mais informa\u00e7\u00f5es <a href=\"http:\/\/www.eventos.usp.br\/?events=seminario-vai-discutir-geografia-financas-e-desenvolvimento-desigual\">aqui<\/a>.<\/p>\n<p><strong>15\/05\/2019.<\/strong>\u00a0A Faculdade de Filosofia, Letras e Ci\u00eancias Humanas (FFLCH) da USP promove a\u00a0<em>Jornada da L\u00edngua Alem\u00e3<\/em>. O evento tem o objetivo de promover a divulga\u00e7\u00e3o de pesquisas realizadas nas \u00e1reas de L\u00edngua e Lingu\u00edstica Alem\u00e3,\u00a0al\u00e9m\u00a0da promo\u00e7\u00e3o do interc\u00e2mbio acad\u00eamico entre pesquisadores de diferentes institui\u00e7\u00f5es. Mais informa\u00e7\u00f5es <a href=\"http:\/\/www.eventos.usp.br\/?events=nova-edicao-da-jornada-da-lingua-alema-e-realizada-na-cidade-universitaria\">aqui<\/a>.<\/p>\n<p><strong>20\/05\/2019.<\/strong>\u00a0<em>VI Semana Internacional de Arqueologia (SIA) dos Discentes<\/em>\u00a0do Museu de Arqueologia e Etnologia (MAE) da USP. Mais informa\u00e7\u00f5es <a href=\"http:\/\/www.eventos.usp.br\/?events=museu-de-arqueologia-e-etnologia-promove-encontro-sobre-ciencia-e-resistencia\">aqui<\/a>.<\/p>\n<p><strong>03\/06\/2019.\u00a0<\/strong>O Instituto Oceanogr\u00e1fico (IO) da USP promove uma nova edi\u00e7\u00e3o do curso de difus\u00e3o \u201cDescobrindo os oceanos: embarque imediato!\u201d Mais informa\u00e7\u00f5es <a href=\"http:\/\/www.eventos.usp.br\/?events=curso-gratuito-descobrindo-os-oceanos-e-oferecido-pelo-instituto-oceanografico\">aqui<\/a>.<\/p>\n<p><strong>03\/06\/2019.\u00a0<\/strong>Acontece na Escola de Engenharia de Lorena (EEL) da USP, a 3\u00aa edi\u00e7\u00e3o do\u00a0<em>Encontro Acad\u00eamico de Engenharia Ambiental.<\/em> Mais informa\u00e7\u00f5es <a href=\"http:\/\/www.eventos.usp.br\/?events=encontro-sobre-engenharia-ambiental-acontece-na-usp-em-lorena\">aqui<\/a>.<\/p>\n<p><strong>16\/06\/2019.<\/strong>\u00a0A Escola de Educa\u00e7\u00e3o F\u00edsica e Esporte (EEFE) da USP promove o Simp\u00f3sio Internacional\u00a0\u201cCardiovascular Effects of Exercise\u201d, com a participa\u00e7\u00e3o de pesquisadores brasileiros e estrangeiros. Mais informa\u00e7\u00f5es <a href=\"http:\/\/www.eventos.usp.br\/?events=fisiologia-cardiovascular-do-exercicio-e-tema-de-evento-na-usp\">aqui<\/a>.<\/p>\n<p><strong>24\/06\/2019.<\/strong>\u00a0Eventos sobre a cultura italiana:\u00a0<em>V\u00a0Encontro Internacional de Italianistas e Professores de Italiano do Brasil<\/em>\u00a0e a<em>\u00a0III Jornada de Ensino e Aprendizagem de L\u00edngua e Cultura Italianas na Esfera P\u00fablica<\/em><em>.<\/em>\u00a0Ambos contam com organiza\u00e7\u00e3o da Faculdade de Filosofia, Letras e Ci\u00eancias Humanas (FFLCH) da USP e ser\u00e3o realizados de maneira virtual e de forma simult\u00e2nea,\u00a0 Mais informa\u00e7\u00f5es <a href=\"http:\/\/www.eventos.usp.br\/?events=encontro-virtual-reune-profissionais-para-debater-ensino-lingua-e-cultura-italiana\">aqui<\/a>.<\/p>\n<p>&nbsp;<\/p>\n<p>As datas acima se referem ao in\u00edcio dos eventos, alguns deles ocorrem em mais de um dia e hor\u00e1rio.<\/p>\n","protected":false},"excerpt":{"rendered":"<p>Confira os principais eventos organizados pela Universidade de S\u00e3o Paulo em maio e junho &nbsp; 02\/05\/2019. Palestra \u201cViagens de Brasileiros \u00e0 URSS durante a Guerra Fria\u201d. O evento \u00e9 promovido pelo Laborat\u00f3rio de Estudos da \u00c1sia (LEA) da Faculdade de Filosofia, Letras e Ci\u00eancias Humanas (FFLCH) da USP. Mais informa\u00e7\u00f5es aqui. 02\/05\/2019.\u00a0O Sistema Integrado de [&hellip;]<\/p>\n","protected":false},"author":432,"featured_media":0,"comment_status":"closed","ping_status":"closed","sticky":false,"template":"","format":"standard","meta":{"footnotes":"","_links_to":"","_links_to_target":""},"categories":[1],"tags":[],"class_list":["post-3263","post","type-post","status-publish","format-standard","hentry","category-geral"],"_links":{"self":[{"href":"https:\/\/alumni.usp.br\/en\/wp-json\/wp\/v2\/posts\/3263","targetHints":{"allow":["GET"]}}],"collection":[{"href":"https:\/\/alumni.usp.br\/en\/wp-json\/wp\/v2\/posts"}],"about":[{"href":"https:\/\/alumni.usp.br\/en\/wp-json\/wp\/v2\/types\/post"}],"author":[{"embeddable":true,"href":"https:\/\/alumni.usp.br\/en\/wp-json\/wp\/v2\/users\/432"}],"replies":[{"embeddable":true,"href":"https:\/\/alumni.usp.br\/en\/wp-json\/wp\/v2\/comments?post=3263"}],"version-history":[{"count":0,"href":"https:\/\/alumni.usp.br\/en\/wp-json\/wp\/v2\/posts\/3263\/revisions"}],"wp:attachment":[{"href":"https:\/\/alumni.usp.br\/en\/wp-json\/wp\/v2\/media?parent=3263"}],"wp:term":[{"taxonomy":"category","embeddable":true,"href":"https:\/\/alumni.usp.br\/en\/wp-json\/wp\/v2\/categories?post=3263"},{"taxonomy":"post_tag","embeddable":true,"href":"https:\/\/alumni.usp.br\/en\/wp-json\/wp\/v2\/tags?post=3263"}],"curies":[{"name":"wp","href":"https:\/\/api.w.org\/{rel}","templated":true}]}}